{"id":1008,"date":"2016-02-07T15:05:18","date_gmt":"2016-02-07T14:05:18","guid":{"rendered":"http:\/\/blogs.ifla.org\/public-libraries\/?p=1008"},"modified":"2016-02-07T15:05:18","modified_gmt":"2016-02-07T14:05:18","slug":"refugees-welcome-library-membership-cards-for-refugees-in-berlin-first-numbers-after-four-months","status":"publish","type":"post","link":"https:\/\/blogs.ifla.org\/public-libraries\/2016\/02\/07\/refugees-welcome-library-membership-cards-for-refugees-in-berlin-first-numbers-after-four-months\/","title":{"rendered":"Refugees Welcome: library membership cards for refugees in Berlin\u2014first numbers after four months"},"content":{"rendered":"<p lang=\"en-US\"><a href=\"http:\/\/blogs.ifla.org\/public-libraries\/files\/2015\/10\/IFLA_Sarah-Dudek.jpg\" rel=\"attachment wp-att-900\"><img loading=\"lazy\" decoding=\"async\" class=\"alignnone size-medium wp-image-900\" src=\"http:\/\/blogs.ifla.org\/public-libraries\/files\/2015\/10\/IFLA_Sarah-Dudek-300x125.jpg\" alt=\"IFLA_Sarah-Dudek\" width=\"300\" height=\"125\" \/><\/a><\/p>\n<p lang=\"en-US\"><span style=\"font-family: Arial,sans-serif\"><span style=\"font-size: small\"><em><a href=\"#deutsch\">Deutsche Version<\/a><\/em><\/span><\/span><\/p>\n<p><span style=\"font-family: Arial,sans-serif\"><span style=\"font-size: small\"><span lang=\"en-US\">The Public Libraries Section has collected many <a href=\"http:\/\/www.ifla.org\/node\/9925?og=49\" target=\"_blank\">examples<\/a> of how public libraries have responded in practical ways on the refugee situation in Europe<\/span><\/span><\/span><span style=\"font-family: Arial,sans-serif\"><span style=\"font-size: small\"><span lang=\"en-US\">. <\/span><\/span><\/span><\/p>\n<p><span style=\"font-family: Arial,sans-serif\"><span style=\"font-size: small\"><span lang=\"en-US\">I want to focus on one example since I work for the <a href=\"http:\/\/www.zlb.de\/en.html\" target=\"_blank\">Central and Regional Library of Berlin<\/a>. <a href=\"https:\/\/www.berlin.de\/fluechtlinge\/aktuelles\/fakten\/artikel.436797.php\" target=\"_blank\">In 2015 about 79.000 refugees came to Berlin, 24 % refugees from Syria<\/a><\/span><\/span><\/span><a href=\"https:\/\/www.berlin.de\/fluechtlinge\/aktuelles\/fakten\/artikel.436797.php\" target=\"_blank\"><span style=\"font-family: Arial,sans-serif\"><span style=\"font-size: small\"><span lang=\"en-US\">. <\/span><\/span><\/span><\/a><span style=\"font-family: Arial,sans-serif\"><span style=\"font-size: small\"><span lang=\"en-US\">The <\/span><\/span><\/span><span style=\"font-family: Arial,sans-serif\"><span style=\"font-size: small\"><span lang=\"en-US\">Association of Public Libraries in Berlin (V\u00d6BB) responded and is the first German Library Association which provides library membership cards to refugees without demanding an official certificate of registration. A temporary permission of stay or a lodging certificate is sufficient. In most of the libraries in Germany a certificate of registration is needed in order to get a library card. But refugees cannot have such a document in the first months in a new country. That means that they cannot check out items from the public library, they cannot use most of the computers or make use of the digital content the library provides. This unsatisfying situation has changed with the \u201cwelcome library card\u201d in Berlin: The card is free-of-charge. It is valid for 3 months. Refugees are allowed to check out up to 10 items at a time from any public library in Berlin and access digital services such as e-books and music streaming.<\/span><\/span><\/span><\/p>\n<p><span style=\"font-family: Arial,sans-serif\"><span style=\"font-size: small\"><span lang=\"en-US\">And that is the history in a nutshell: in March a V\u00d6BB-working-group got the task to suggest a measure that would enable refugees to make full use of Berlin Public Libraries. In June 2015 the V\u00d6BB decided to have the new welcome library membership cards (and technically a new patron group). In September the the new patron group was configured in the library management system of Berlin Public Libraries, in October flyers in seven languages were distributed in refugee homes: in <a href=\"http:\/\/www.bibliotheksportal.de\/fileadmin\/user_upload\/content\/themen\/kunden\/interkulturell\/dateien\/150929_fl%C3%BCchtlingsflyer_deutsch_web.pdf\" target=\"_blank\">German<\/a><\/span><\/span><\/span><span style=\"font-family: Arial,sans-serif\"><span style=\"font-size: small\"><span lang=\"en-US\">, <a href=\"http:\/\/www.bibliotheksportal.de\/fileadmin\/user_upload\/content\/themen\/kunden\/interkulturell\/dateien\/150929_fl%C3%BCchtlingsflyer_albanisch_web.pdf\" target=\"_blank\">Albanian<\/a><\/span><\/span><\/span><span style=\"font-family: Arial,sans-serif\"><span style=\"font-size: small\"><span lang=\"en-US\">, <a href=\"http:\/\/www.bibliotheksportal.de\/fileadmin\/user_upload\/content\/themen\/kunden\/interkulturell\/dateien\/150922_flu_%C3%AAchtlingsflyer_AR.pdf\" target=\"_blank\">Arabic<\/a><\/span><\/span><\/span><span style=\"font-family: Arial,sans-serif\"><span style=\"font-size: small\"><span lang=\"en-US\">, <a href=\"http:\/\/www.bibliotheksportal.de\/fileadmin\/user_upload\/content\/themen\/kunden\/interkulturell\/dateien\/150929_fl%C3%BCchtlingsflyer_englisch_web.pdf\" target=\"_blank\">English<\/a><\/span><\/span><\/span><span style=\"font-family: Arial,sans-serif\"><span style=\"font-size: small\"><span lang=\"en-US\">, <a href=\"http:\/\/www.bibliotheksportal.de\/fileadmin\/user_upload\/content\/themen\/kunden\/interkulturell\/dateien\/150922_flu_%C3%AAchtlingsflyer_FA.pdf\" target=\"_blank\">Farsi<\/a><\/span><\/span><\/span><span style=\"font-family: Arial,sans-serif\"><span style=\"font-size: small\"><span lang=\"en-US\">, <a href=\"http:\/\/www.bibliotheksportal.de\/fileadmin\/user_upload\/content\/themen\/kunden\/interkulturell\/dateien\/150929_fl%C3%BCchtlingsflyer_mazedonisch_web.pdf\" target=\"_blank\">Macedonian<\/a><\/span><\/span><\/span><span style=\"font-family: Arial,sans-serif\"><span style=\"font-size: small\"><span lang=\"en-US\">, and <a href=\"http:\/\/www.bibliotheksportal.de\/fileadmin\/user_upload\/content\/themen\/kunden\/interkulturell\/dateien\/150929_fl%C3%BCchtlingsflyer_serbisch_web.pdf\" target=\"_blank\">Serbian<\/a><\/span><\/span><\/span><span style=\"font-family: Arial,sans-serif\"><span style=\"font-size: small\"><span lang=\"en-US\">. <\/span><\/span><\/span><\/p>\n<p lang=\"en-US\"><span style=\"font-family: Arial,sans-serif\"><span style=\"font-size: small\">Here are the figures of the first three months. There are constantly more refugees signing up for a library membership card, but there is still a lot of potential:<\/span><\/span><\/p>\n<p lang=\"en-US\"><a href=\"http:\/\/blogs.ifla.org\/public-libraries\/files\/2016\/02\/2016-02_Blogpost-2-PLS-Blog_Grafik-en.png\" rel=\"attachment wp-att-1009\"><img loading=\"lazy\" decoding=\"async\" class=\"alignnone size-medium wp-image-1009\" src=\"http:\/\/blogs.ifla.org\/public-libraries\/files\/2016\/02\/2016-02_Blogpost-2-PLS-Blog_Grafik-en-300x163.png\" alt=\"2016-02_Blogpost 2 PLS Blog_Grafik en\" width=\"300\" height=\"163\" srcset=\"https:\/\/blogs.ifla.org\/public-libraries\/files\/2016\/02\/2016-02_Blogpost-2-PLS-Blog_Grafik-en-300x163.png 300w, https:\/\/blogs.ifla.org\/public-libraries\/files\/2016\/02\/2016-02_Blogpost-2-PLS-Blog_Grafik-en-768x418.png 768w, https:\/\/blogs.ifla.org\/public-libraries\/files\/2016\/02\/2016-02_Blogpost-2-PLS-Blog_Grafik-en.png 982w\" sizes=\"auto, (max-width: 300px) 100vw, 300px\" \/><\/a><\/p>\n<h2><a name=\"deutsch\"><\/a><span style=\"color: #000000\"><span style=\"font-family: Arial,sans-serif\"><b>Refugees Welcome: Bibliotheksausweise f\u00fcr Gefl\u00fcchtete in Berlin \u2013 erste Zahlen nach vier Monaten<\/b><\/span><\/span><\/h2>\n<p><span style=\"font-family: Arial,sans-serif\"><span style=\"font-size: small\">Die Sektion \u201e\u00d6ffentliche Bibliotheken\u201c hat viele <a href=\"http:\/\/www.ifla.org\/node\/9925?og=49\" target=\"_blank\">Beispiele<\/a> daf\u00fcr gesammelt, wie \u00d6ffentliche Bibliotheken ganz praktisch auf die Fl\u00fcchtlingssituation in Europa reagiert haben<\/span><\/span><span style=\"font-family: Arial,sans-serif\"><span style=\"font-size: small\">. <\/span><\/span><\/p>\n<p><span style=\"font-family: Arial,sans-serif\"><span style=\"font-size: small\">Ich will mit den \u00d6ffentlichen Bibliotheken Berlins ein Beispiel herausgreifen, da ich f\u00fcr die <a href=\"http:\/\/www.zlb.de\/\" target=\"_blank\">Zentral- und Landesbibliothek Berlin<\/a> arbeite. <\/span><\/span><span style=\"font-family: Arial,sans-serif\"><span style=\"font-size: small\"><span lang=\"en-US\"><a href=\"https:\/\/www.berlin.de\/fluechtlinge\/aktuelles\/fakten\/artikel.436797.php\" target=\"_blank\">2015 kamen circa 79.000 Gefl\u00fcchtete nach Berlin, 24 % sind aus Syrien.<\/a> <\/span><\/span><\/span><span style=\"font-family: Arial,sans-serif\"><span style=\"font-size: small\">Der Verbund der \u00d6ffentlichen Bibliotheken Berlins (V\u00d6BB) hat darauf reagiert: Er ist der erste deutsche Bibliotheksverbund, der Bibliotheksausweise f\u00fcr Gefl\u00fcchtete <\/span><\/span><span style=\"font-family: Arial,sans-serif\"><span style=\"font-size: small\">ohne amtliche Meldebescheinigung oder Aufenthaltserlaubnis (also Neuank\u00f6mmlinge) anbietet<\/span><\/span><span style=\"font-family: Arial,sans-serif\"><span style=\"font-size: small\">. Eine Aufenthaltsgestattung oder die Unterbringungsbescheinigung der Erstaufnahmestelle ist ausreichend. In den meisten Bibliotheken in Deutschland ben\u00f6tigt man eine amtliche Meldebescheinigung, um sich anzumelden. Aber gefl\u00fcchtete Menschen k\u00f6nnen diese in den ersten Monaten im neuen Land gar nicht haben. Das hei\u00dft also, dass Gefl\u00fcchtete keine Medien entleihen k\u00f6nnen, sie k\u00f6nnen meist nicht die Computerarbeitspl\u00e4tze nutzen und haben keinen Zugang zu digitalen Inhalten der Bibliothek. Diese unbefriedigende Situation ist in Berlin durch die \u201eWillkommensausweise\u201c ver\u00e4ndert worden. Der Bibliotheksausweis ist kostenlos und drei Monate g\u00fcltig. Es ist m\u00f6glich 10 Medien gleichzeitig zu entleihen und digitale Angebote wie E-Books und Musik-Streaming zu nutzen<\/span><\/span><span style=\"font-family: Arial,sans-serif\"><span style=\"font-size: small\">.<\/span><\/span><\/p>\n<p><span style=\"font-family: Arial,sans-serif\"><span style=\"font-size: small\">Die Geschichte, die zu dem Ausweis f\u00fchrte, kurz zusammengefasst: Im M\u00e4rz 2015 wird eine V\u00d6BB-Fachgruppe beauftragt, geeignete Ma\u00dfnahmen zu entwickeln, um gefl\u00fcchtete Menschen in den \u00d6ffentlichen Bibliotheken Berlins willkommen hei\u00dfen zu k\u00f6nnen. Im Juni entscheidet der V\u00d6BB, die neuen Willkommensausweise einzuf\u00fchren (das hei\u00dft technisch im Bibliotheksmanagement-System eine neue Nutzergruppe anzulegen). Im September starten die Bibliotheken mit den neuen Bibliotheksausweisen f\u00fcr Gefl\u00fcchtete, im Oktober folgen dann Flyer in sieben Sprachen, die in Erstaufnahmeeinrichtungen verteilt werden: auf <a href=\"http:\/\/www.bibliotheksportal.de\/fileadmin\/user_upload\/content\/themen\/kunden\/interkulturell\/dateien\/150929_fl%C3%BCchtlingsflyer_deutsch_web.pdf\" target=\"_blank\">Deutsch<\/a><\/span><\/span><span style=\"font-family: Arial,sans-serif\"><span style=\"font-size: small\">, <a href=\"http:\/\/www.bibliotheksportal.de\/fileadmin\/user_upload\/content\/themen\/kunden\/interkulturell\/dateien\/150929_fl%C3%BCchtlingsflyer_albanisch_web.pdf\" target=\"_blank\">Albanisch<\/a><\/span><\/span><span style=\"font-family: Arial,sans-serif\"><span style=\"font-size: small\">, <a href=\"http:\/\/www.bibliotheksportal.de\/fileadmin\/user_upload\/content\/themen\/kunden\/interkulturell\/dateien\/150922_flu_%C3%AAchtlingsflyer_AR.pdf\" target=\"_blank\">Arabisch<\/a><\/span><\/span><span style=\"font-family: Arial,sans-serif\"><span style=\"font-size: small\">, <a href=\"http:\/\/www.bibliotheksportal.de\/fileadmin\/user_upload\/content\/themen\/kunden\/interkulturell\/dateien\/150929_fl%C3%BCchtlingsflyer_englisch_web.pdf\" target=\"_blank\">Englisch<\/a><\/span><\/span><span style=\"font-family: Arial,sans-serif\"><span style=\"font-size: small\">, <a href=\"http:\/\/www.bibliotheksportal.de\/fileadmin\/user_upload\/content\/themen\/kunden\/interkulturell\/dateien\/150922_flu_%C3%AAchtlingsflyer_FA.pdf\" target=\"_blank\">Farsi<\/a><\/span><\/span><span style=\"font-family: Arial,sans-serif\"><span style=\"font-size: small\">, <a href=\"http:\/\/www.bibliotheksportal.de\/fileadmin\/user_upload\/content\/themen\/kunden\/interkulturell\/dateien\/150929_fl%C3%BCchtlingsflyer_mazedonisch_web.pdf\" target=\"_blank\">Mazedonisch<\/a><\/span><\/span><span style=\"font-family: Arial,sans-serif\"><span style=\"font-size: small\">, und <a href=\"http:\/\/www.bibliotheksportal.de\/fileadmin\/user_upload\/content\/themen\/kunden\/interkulturell\/dateien\/150929_fl%C3%BCchtlingsflyer_serbisch_web.pdf\" target=\"_blank\">Serbisch<\/a><\/span><\/span><span style=\"font-family: Arial,sans-serif\"><span style=\"font-size: small\">. <\/span><\/span><\/p>\n<p><span style=\"font-family: Arial,sans-serif\"><span style=\"font-size: small\">Hier sind die Zahlen nach den ersten drei Monaten. Es werden immer mehr der neuen Bibliotheksausweise ausgegeben, aber es gibt angesichts der Gesamtzahlen an gefl\u00fcchteten Menschen in Berlin mit Sicherheit noch viel Potenzial:<\/span><\/span><\/p>\n<p><a href=\"http:\/\/blogs.ifla.org\/public-libraries\/files\/2016\/02\/2016-02_Blogpost-2-PLS-Blog_Grafik-dt.png\" rel=\"attachment wp-att-1010\"><img loading=\"lazy\" decoding=\"async\" class=\"alignnone size-medium wp-image-1010\" src=\"http:\/\/blogs.ifla.org\/public-libraries\/files\/2016\/02\/2016-02_Blogpost-2-PLS-Blog_Grafik-dt-300x163.png\" alt=\"2016-02_Blogpost 2 PLS Blog_Grafik dt\" width=\"300\" height=\"163\" srcset=\"https:\/\/blogs.ifla.org\/public-libraries\/files\/2016\/02\/2016-02_Blogpost-2-PLS-Blog_Grafik-dt-300x163.png 300w, https:\/\/blogs.ifla.org\/public-libraries\/files\/2016\/02\/2016-02_Blogpost-2-PLS-Blog_Grafik-dt-768x418.png 768w, https:\/\/blogs.ifla.org\/public-libraries\/files\/2016\/02\/2016-02_Blogpost-2-PLS-Blog_Grafik-dt.png 982w\" sizes=\"auto, (max-width: 300px) 100vw, 300px\" \/><\/a><\/p>\n","protected":false},"excerpt":{"rendered":"<p>Deutsche Version The Public Libraries Section has collected many examples of how public libraries have responded in practical ways on the refugee situation in Europe. I want to focus on one example since I work for the Central and Regional Library of Berlin. In 2015 about 79.000 refugees came to Berlin, 24 % refugees from [&hellip;]<\/p>\n","protected":false},"author":798,"featured_media":0,"comment_status":"open","ping_status":"closed","sticky":false,"template":"","format":"standard","meta":{"footnotes":""},"categories":[1],"tags":[22845],"class_list":["post-1008","post","type-post","status-publish","format-standard","hentry","category-general","tag-refugees-berlin"],"_links":{"self":[{"href":"https:\/\/blogs.ifla.org\/public-libraries\/wp-json\/wp\/v2\/posts\/1008","targetHints":{"allow":["GET"]}}],"collection":[{"href":"https:\/\/blogs.ifla.org\/public-libraries\/wp-json\/wp\/v2\/posts"}],"about":[{"href":"https:\/\/blogs.ifla.org\/public-libraries\/wp-json\/wp\/v2\/types\/post"}],"author":[{"embeddable":true,"href":"https:\/\/blogs.ifla.org\/public-libraries\/wp-json\/wp\/v2\/users\/798"}],"replies":[{"embeddable":true,"href":"https:\/\/blogs.ifla.org\/public-libraries\/wp-json\/wp\/v2\/comments?post=1008"}],"version-history":[{"count":2,"href":"https:\/\/blogs.ifla.org\/public-libraries\/wp-json\/wp\/v2\/posts\/1008\/revisions"}],"predecessor-version":[{"id":1012,"href":"https:\/\/blogs.ifla.org\/public-libraries\/wp-json\/wp\/v2\/posts\/1008\/revisions\/1012"}],"wp:attachment":[{"href":"https:\/\/blogs.ifla.org\/public-libraries\/wp-json\/wp\/v2\/media?parent=1008"}],"wp:term":[{"taxonomy":"category","embeddable":true,"href":"https:\/\/blogs.ifla.org\/public-libraries\/wp-json\/wp\/v2\/categories?post=1008"},{"taxonomy":"post_tag","embeddable":true,"href":"https:\/\/blogs.ifla.org\/public-libraries\/wp-json\/wp\/v2\/tags?post=1008"}],"curies":[{"name":"wp","href":"https:\/\/api.w.org\/{rel}","templated":true}]}}