{"id":1076,"date":"2016-04-14T01:57:02","date_gmt":"2016-04-14T00:57:02","guid":{"rendered":"http:\/\/blogs.ifla.org\/public-libraries\/?p=1076"},"modified":"2016-04-14T01:57:02","modified_gmt":"2016-04-14T00:57:02","slug":"declaration-des-bibliotheques-quebecoises","status":"publish","type":"post","link":"https:\/\/blogs.ifla.org\/public-libraries\/2016\/04\/14\/declaration-des-bibliotheques-quebecoises\/","title":{"rendered":"D\u00e9claration des biblioth\u00e8ques qu\u00e9b\u00e9coises."},"content":{"rendered":"<p><a href=\"http:\/\/blogs.ifla.org\/public-libraries\/files\/2016\/04\/IFLA_Suzanne-Payette.jpg\" rel=\"attachment wp-att-1080\"><img decoding=\"async\" class=\"alignleft size-medium wp-image-1080\" src=\"http:\/\/blogs.ifla.org\/public-libraries\/files\/2016\/04\/IFLA_Suzanne-Payette-300x125.jpg\" alt=\"IFLA_Suzanne-Payette\" width=\"300\" height=\"125\" \/><\/a><\/p>\n<p>&nbsp;<\/p>\n<p>&nbsp;<\/p>\n<p>&nbsp;<\/p>\n<p>&nbsp;<\/p>\n<p>Nous avons au Qu\u00e9bec une Table de concertation pilot\u00e9e par Biblioth\u00e8que et archives nationales du Qu\u00e9bec (BAnQ). Cette Table regroupe les repr\u00e9sentants de tous les types de biblioth\u00e8ques (publiques, scolaires, coll\u00e9giales, universitaires, gouvernementales, etc.) ainsi que des fonctionnaires des minist\u00e8res de la culture et de l\u2019\u00e9ducation.<\/p>\n<p>Au cours des deux derni\u00e8res ann\u00e9es, cette Table a travaill\u00e9 \u00e0 la r\u00e9daction d\u2019un plaidoyer en faveur des biblioth\u00e8ques, en ayant pour objectif de faire reconna\u00eetre le r\u00f4le, la mission et l\u2019impact socio-\u00e9conomique de celles-ci. Lors du Congr\u00e8s des milieux documentaires du Qu\u00e9bec en novembre 2015, cette d\u00e9claration a \u00e9t\u00e9 pr\u00e9sent\u00e9e \u00e0 l\u2019ensemble des professionnels du milieu afin d\u2019\u00eatre bonifi\u00e9e et d\u2019obtenir leur adh\u00e9sion \u00e0 ce projet.<\/p>\n<p>En mars 2016, lors de la journ\u00e9e d\u2019\u00e9changes professionnels de BAnQ, une version finale a \u00e9t\u00e9 d\u00e9pos\u00e9e aux membres. Cette derni\u00e8re version fait \u00e9tat de la raison d\u2019\u00eatre des biblioth\u00e8ques, des ressources que l\u2019on y trouve, ainsi que des nombreux r\u00f4les qu\u2019elles jouent dans la soci\u00e9t\u00e9 : carrefour d\u2019acc\u00e8s \u00e0 l\u2019information, \u00e0 la documentation et \u00e0 la culture, centre d\u2019apprentissage, espace d\u2019appropriation et d\u2019usage technologiques, levier socio-\u00e9conomique, lieu de rencontre et d\u2019\u00e9changes, lieu de m\u00e9diation et de d\u00e9veloppement culturel.<\/p>\n<p>Cette d\u00e9claration a \u00e9t\u00e9 accueillie chaleureusement par tous et particuli\u00e8rement par les biblioth\u00e8ques publiques qui au Qu\u00e9bec, ne sont pas encadr\u00e9es par une l\u00e9gislation et sont confin\u00e9es \u00e0 un r\u00f4le de loisir municipal plut\u00f4t qu\u2019au r\u00f4le que lui conf\u00e8re l\u2019UNESCO dans son manifeste. Cette d\u00e9claration est un \u00e9nonc\u00e9 public de reconnaissance.<\/p>\n<p>La Table permanente de concertation des biblioth\u00e8ques qu\u00e9b\u00e9coises a comme projet de d\u00e9poser cette d\u00e9claration \u00e0 l\u2019Assembl\u00e9e nationale du Qu\u00e9bec afin que l\u2019appareil politique se l\u2019approprie. Cette d\u00e9marche se veut la premi\u00e8re \u00e9tape vers la concr\u00e9tisation d\u2019une reconnaissance dont nous ignorons pour le moment la forme finale mais qui, souhaitons-le, sera la premi\u00e8re pierre d\u2019une l\u00e9gislation pour la mise en valeur des biblioth\u00e8ques qu\u00e9b\u00e9coises.<\/p>\n<p>Le texte officiel est en fran\u00e7ais.<br \/>\nhttp:\/\/www.banq.qc.ca\/documents\/services\/espace_professionnel\/milieux_doc\/milieux-doc-express\/Declaration_des_bibliotheques.pdf<\/p>\n<p>An <a href=\"http:\/\/blogs.ifla.org\/public-libraries\/2016\/04\/14\/declaration-of-quebec-libraries\/\">English<\/a> version of this post is also available<\/p>\n<p>&nbsp;<\/p>\n","protected":false},"excerpt":{"rendered":"<p>&nbsp; &nbsp; &nbsp; &nbsp; Nous avons au Qu\u00e9bec une Table de concertation pilot\u00e9e par Biblioth\u00e8que et archives nationales du Qu\u00e9bec (BAnQ). Cette Table regroupe les repr\u00e9sentants de tous les types de biblioth\u00e8ques (publiques, scolaires, coll\u00e9giales, universitaires, gouvernementales, etc.) ainsi que des fonctionnaires des minist\u00e8res de la culture et de l\u2019\u00e9ducation. Au cours des deux derni\u00e8res [&hellip;]<\/p>\n","protected":false},"author":723,"featured_media":0,"comment_status":"open","ping_status":"closed","sticky":false,"template":"","format":"standard","meta":{"footnotes":""},"categories":[1],"tags":[20272,22855],"class_list":["post-1076","post","type-post","status-publish","format-standard","hentry","category-general","tag-canada","tag-quebec"],"_links":{"self":[{"href":"https:\/\/blogs.ifla.org\/public-libraries\/wp-json\/wp\/v2\/posts\/1076","targetHints":{"allow":["GET"]}}],"collection":[{"href":"https:\/\/blogs.ifla.org\/public-libraries\/wp-json\/wp\/v2\/posts"}],"about":[{"href":"https:\/\/blogs.ifla.org\/public-libraries\/wp-json\/wp\/v2\/types\/post"}],"author":[{"embeddable":true,"href":"https:\/\/blogs.ifla.org\/public-libraries\/wp-json\/wp\/v2\/users\/723"}],"replies":[{"embeddable":true,"href":"https:\/\/blogs.ifla.org\/public-libraries\/wp-json\/wp\/v2\/comments?post=1076"}],"version-history":[{"count":2,"href":"https:\/\/blogs.ifla.org\/public-libraries\/wp-json\/wp\/v2\/posts\/1076\/revisions"}],"predecessor-version":[{"id":1082,"href":"https:\/\/blogs.ifla.org\/public-libraries\/wp-json\/wp\/v2\/posts\/1076\/revisions\/1082"}],"wp:attachment":[{"href":"https:\/\/blogs.ifla.org\/public-libraries\/wp-json\/wp\/v2\/media?parent=1076"}],"wp:term":[{"taxonomy":"category","embeddable":true,"href":"https:\/\/blogs.ifla.org\/public-libraries\/wp-json\/wp\/v2\/categories?post=1076"},{"taxonomy":"post_tag","embeddable":true,"href":"https:\/\/blogs.ifla.org\/public-libraries\/wp-json\/wp\/v2\/tags?post=1076"}],"curies":[{"name":"wp","href":"https:\/\/api.w.org\/{rel}","templated":true}]}}