{"id":1084,"date":"2016-04-19T02:49:51","date_gmt":"2016-04-19T01:49:51","guid":{"rendered":"http:\/\/blogs.ifla.org\/public-libraries\/?p=1084"},"modified":"2016-04-19T02:50:54","modified_gmt":"2016-04-19T01:50:54","slug":"dernier-rendez-vous-de-lassociation-canadienne-des-bibliotheques-naissance-de-la-nouvelle-federation-des-associations-de-bibliotheques-du-canada","status":"publish","type":"post","link":"https:\/\/blogs.ifla.org\/public-libraries\/2016\/04\/19\/dernier-rendez-vous-de-lassociation-canadienne-des-bibliotheques-naissance-de-la-nouvelle-federation-des-associations-de-bibliotheques-du-canada\/","title":{"rendered":"Dernier rendez-vous de l\u2019Association Canadienne des biblioth\u00e8ques, naissance de la nouvelle F\u00e9d\u00e9ration des associations de biblioth\u00e8ques du Canada"},"content":{"rendered":"<p><a href=\"http:\/\/blogs.ifla.org\/public-libraries\/files\/2016\/04\/IFLA_Suzanne-Payette.jpg\"><img decoding=\"async\" class=\"alignleft size-medium wp-image-1080\" src=\"http:\/\/blogs.ifla.org\/public-libraries\/files\/2016\/04\/IFLA_Suzanne-Payette-300x125.jpg\" alt=\"IFLA_Suzanne-Payette\" width=\"300\" height=\"125\" \/><\/a><\/p>\n<p>&nbsp;<\/p>\n<p>&nbsp;<\/p>\n<p>&nbsp;<\/p>\n<p>&nbsp;<\/p>\n<p>En Janvier 2016, lors d\u2019une assembl\u00e9e g\u00e9n\u00e9rale sp\u00e9ciale, c\u2019est dans une ambiance pleine d\u2019\u00e9motion que s\u2019est tenu le vote qui a conduit \u00e0 la dissolution de l\u2019Association canadienne des biblioth\u00e8ques apr\u00e8s 69 ans d\u2019existence.<\/p>\n<p>Au cours des derni\u00e8res ann\u00e9es, les difficult\u00e9s financi\u00e8res de l\u2019Association s\u2019\u00e9tant multipli\u00e9es, le Conseil d\u2019administration a examin\u00e9 de nombreux sc\u00e9narios en collaboration avec plusieurs partenaires.\u00a0 Des rencontres et des discussions se sont tenues \u00e0 travers tout le pays pour \u00e9couter, expliquer et bonifier l\u2019ultime solution.<\/p>\n<p>En juin prochain, l\u2019Association canadienne des biblioth\u00e8ques tiendra sa derni\u00e8re assembl\u00e9e g\u00e9n\u00e9rale et laissera sa place \u00e0 une nouvelle structure ; la F\u00e9d\u00e9ration des association de biblioth\u00e8ques du Canada. Une f\u00e9d\u00e9ration bilingue qui accueillera dans son giron les associations de tous les milieux de biblioth\u00e8ques, de partout au Canada.<\/p>\n<p>Cette nouvelle F\u00e9d\u00e9ration se veut\u00a0 la voix nationale de la communaut\u00e9 des biblioth\u00e8ques canadiennes. Elle :<br \/>\n\u25cf Encourage l\u2019excellence en mati\u00e8re de services biblioth\u00e9caires au Canada ;<br \/>\n\u25cf Fait la promotion des valeurs et de l\u2019importance des biblioth\u00e8ques ;<br \/>\n\u25cf Influe sur les politiques publiques nationales et internationales qui ont des r\u00e9percussions<br \/>\nsur les biblioth\u00e8ques et leur communaut\u00e9.<\/p>\n<p>Le projet complet de cette nouvelle structure <a href=\"http:\/\/Dernier rendez-vous de l\u2019Association Canadienne des biblioth\u00e8ques, naissance de la nouvelle F\u00e9d\u00e9ration des associations de biblioth\u00e8ques du Canada\">est accessible <\/a>\u00e0 :<br \/>\n&nbsp;<\/p>\n","protected":false},"excerpt":{"rendered":"<p>&nbsp; &nbsp; &nbsp; &nbsp; En Janvier 2016, lors d\u2019une assembl\u00e9e g\u00e9n\u00e9rale sp\u00e9ciale, c\u2019est dans une ambiance pleine d\u2019\u00e9motion que s\u2019est tenu le vote qui a conduit \u00e0 la dissolution de l\u2019Association canadienne des biblioth\u00e8ques apr\u00e8s 69 ans d\u2019existence. Au cours des derni\u00e8res ann\u00e9es, les difficult\u00e9s financi\u00e8res de l\u2019Association s\u2019\u00e9tant multipli\u00e9es, le Conseil d\u2019administration a examin\u00e9 [&hellip;]<\/p>\n","protected":false},"author":723,"featured_media":0,"comment_status":"open","ping_status":"closed","sticky":false,"template":"","format":"standard","meta":{"footnotes":""},"categories":[1],"tags":[],"class_list":["post-1084","post","type-post","status-publish","format-standard","hentry","category-general"],"_links":{"self":[{"href":"https:\/\/blogs.ifla.org\/public-libraries\/wp-json\/wp\/v2\/posts\/1084","targetHints":{"allow":["GET"]}}],"collection":[{"href":"https:\/\/blogs.ifla.org\/public-libraries\/wp-json\/wp\/v2\/posts"}],"about":[{"href":"https:\/\/blogs.ifla.org\/public-libraries\/wp-json\/wp\/v2\/types\/post"}],"author":[{"embeddable":true,"href":"https:\/\/blogs.ifla.org\/public-libraries\/wp-json\/wp\/v2\/users\/723"}],"replies":[{"embeddable":true,"href":"https:\/\/blogs.ifla.org\/public-libraries\/wp-json\/wp\/v2\/comments?post=1084"}],"version-history":[{"count":3,"href":"https:\/\/blogs.ifla.org\/public-libraries\/wp-json\/wp\/v2\/posts\/1084\/revisions"}],"predecessor-version":[{"id":1087,"href":"https:\/\/blogs.ifla.org\/public-libraries\/wp-json\/wp\/v2\/posts\/1084\/revisions\/1087"}],"wp:attachment":[{"href":"https:\/\/blogs.ifla.org\/public-libraries\/wp-json\/wp\/v2\/media?parent=1084"}],"wp:term":[{"taxonomy":"category","embeddable":true,"href":"https:\/\/blogs.ifla.org\/public-libraries\/wp-json\/wp\/v2\/categories?post=1084"},{"taxonomy":"post_tag","embeddable":true,"href":"https:\/\/blogs.ifla.org\/public-libraries\/wp-json\/wp\/v2\/tags?post=1084"}],"curies":[{"name":"wp","href":"https:\/\/api.w.org\/{rel}","templated":true}]}}