{"id":209,"date":"2014-05-20T14:53:51","date_gmt":"2014-05-20T13:53:51","guid":{"rendered":"http:\/\/blogs.ifla.org\/social-science\/?p=209"},"modified":"2014-05-22T20:29:22","modified_gmt":"2014-05-22T19:29:22","slug":"sig-relindial-satellite-conference-libraries-at-the-heart-of-the-dialogue-of-cultures-and-religions","status":"publish","type":"post","link":"https:\/\/blogs.ifla.org\/social-science\/2014\/05\/20\/sig-relindial-satellite-conference-libraries-at-the-heart-of-the-dialogue-of-cultures-and-religions\/","title":{"rendered":"SIG RELINDIAL Satellite Conference: Libraries at the Heart of the Dialogue of Cultures and Religions"},"content":{"rendered":"<p><strong>SIG RELINDIAL Satellite Conference Program\u00a0<\/strong><\/p>\n<p><strong>Libraries at the Heart of the Dialogue of Cultures and Religions &#8211;\u00a0Paris, France. 25 and 26 August 2014.\u00a0<\/strong><\/p>\n<p>This program is organized in collaboration with the Theologicum of the Catholic University of Paris and the following institutions:<\/p>\n<ul>\n<li>ABCF (Association des Biblioth\u00e8ques Chr\u00e9tiennes de France),<\/li>\n<li>Biblioteca de Teolog\u00eda de la Pontificia Universidad Catolica (Chile),<\/li>\n<li>Biblioth\u00e8que de la Soci\u00e9t\u00e9 de Port Royal (France),<\/li>\n<li>Biblioth\u00e8que universitaire de l\u2019Institut Catholique de Toulouse (France),<\/li>\n<li>Library of the Holy Spirit University of Kaslik (Lebanon),<\/li>\n<\/ul>\n<p>For more information, please see Event Flyer: <a href=\"http:\/\/blogs.ifla.org\/social-science\/files\/2014\/05\/prog_colloque_IFLA_ANG_2014_20140515_web_.pdf\">prog_colloque_IFLA_ANG_2014_20140515_web_<\/a><\/p>\n<p><a href=\"http:\/\/www.icp.fr\/en\/Faculties-Schools\/THEOLOGICUM-Faculty-of-Theology-and-Religious-Studies\/News\/Libraries-at-the-Heart-of-the-Dialogue-of-Cultures-and-Religions\" target=\"_blank\">Event Website<\/a>\u00a0in English<\/p>\n<p><a href=\"http:\/\/www.icp.fr\/fr\/Organismes\/THEOLOGICUM-Faculte-de-Theologie-Sciences-Religieuses\/Actualites\/Les-bibliotheques-socle-du-dialogue-des-cultures-et-des-religions\" target=\"_blank\">Event Website<\/a>\u00a0in French<\/p>\n<p>We look forward to seeing you in Paris!<\/p>\n<p>Please contact Odile Dupont, Convenor of the IFLA -SIG RELINDIAL for information. (EmailL 0.dupont548@gmail.com. Tel +33 (0)6 67 12 83 70)<\/p>\n","protected":false},"excerpt":{"rendered":"<p>SIG RELINDIAL Satellite Conference Program\u00a0 Libraries at the Heart of the Dialogue of Cultures and Religions &#8211;\u00a0Paris, France. 25 and 26 August 2014.\u00a0 This program is organized in collaboration with the Theologicum of the Catholic University of Paris and the following institutions: ABCF (Association des Biblioth\u00e8ques Chr\u00e9tiennes de France), Biblioteca de Teolog\u00eda de la Pontificia [&hellip;]<\/p>\n","protected":false},"author":25,"featured_media":0,"comment_status":"open","ping_status":"closed","sticky":false,"template":"","format":"standard","meta":{"footnotes":""},"categories":[1],"tags":[],"class_list":["post-209","post","type-post","status-publish","format-standard","hentry","category-general"],"_links":{"self":[{"href":"https:\/\/blogs.ifla.org\/social-science\/wp-json\/wp\/v2\/posts\/209","targetHints":{"allow":["GET"]}}],"collection":[{"href":"https:\/\/blogs.ifla.org\/social-science\/wp-json\/wp\/v2\/posts"}],"about":[{"href":"https:\/\/blogs.ifla.org\/social-science\/wp-json\/wp\/v2\/types\/post"}],"author":[{"embeddable":true,"href":"https:\/\/blogs.ifla.org\/social-science\/wp-json\/wp\/v2\/users\/25"}],"replies":[{"embeddable":true,"href":"https:\/\/blogs.ifla.org\/social-science\/wp-json\/wp\/v2\/comments?post=209"}],"version-history":[{"count":4,"href":"https:\/\/blogs.ifla.org\/social-science\/wp-json\/wp\/v2\/posts\/209\/revisions"}],"predecessor-version":[{"id":215,"href":"https:\/\/blogs.ifla.org\/social-science\/wp-json\/wp\/v2\/posts\/209\/revisions\/215"}],"wp:attachment":[{"href":"https:\/\/blogs.ifla.org\/social-science\/wp-json\/wp\/v2\/media?parent=209"}],"wp:term":[{"taxonomy":"category","embeddable":true,"href":"https:\/\/blogs.ifla.org\/social-science\/wp-json\/wp\/v2\/categories?post=209"},{"taxonomy":"post_tag","embeddable":true,"href":"https:\/\/blogs.ifla.org\/social-science\/wp-json\/wp\/v2\/tags?post=209"}],"curies":[{"name":"wp","href":"https:\/\/api.w.org\/{rel}","templated":true}]}}