{"id":222,"date":"2014-08-13T18:33:37","date_gmt":"2014-08-13T17:33:37","guid":{"rendered":"http:\/\/blogs.ifla.org\/social-science\/?p=222"},"modified":"2014-08-13T18:33:37","modified_gmt":"2014-08-13T17:33:37","slug":"ifla-social-science-libraries-section-programs-of-interest-in-lyon","status":"publish","type":"post","link":"https:\/\/blogs.ifla.org\/social-science\/2014\/08\/13\/ifla-social-science-libraries-section-programs-of-interest-in-lyon\/","title":{"rendered":"IFLA Social Science Libraries Section Programs of Interest in Lyon"},"content":{"rendered":"<h2>\u00a0<strong>Social Science Libraries Section: Meetings and Programs of Interest:<\/strong><\/h2>\n<p><strong>\u00a0Session 10:<\/strong> Sat. 16 <span style=\"color: #38669d\">August 2014. 9<\/span> .45-12.15 | Room Foyer Gratte-Ciel Parc<\/p>\n<p>First Social Science Libraries Standing Committee Meeting<\/p>\n<p><strong>Session 103:<\/strong> Mon. 18 <span style=\"color: #38669d\">August 2014. 13<\/span> .45-15.45 | Room Salle Gratte-Ciel 1-3<\/p>\n<p>Religious Libraries in Dialogue Special Interest Group Meeting<\/p>\n<p><strong>Session 129:<\/strong> Tues. 19 <span style=\"color: #38669d\">August 2014. 11<\/span> .30-13.00 | Room: Salle T\u00eate d\u2019Or 2<\/p>\n<p>Second Social Science Libraries Standing Committee Meeting<\/p>\n<p><strong>Session 166:<\/strong> Wedn. 20 <span style=\"color: #38669d\">August 2014. 9<\/span> .30-12.45 | Room Auditorium Lumi\u00e8re<\/p>\n<p>Social Science Libraries &amp; Women, Information &amp; Libraries Special Interest Group<\/p>\n<p style=\"color: #333233\"><strong>Librarians as Change Agents: Finding, Using and Managing Data for Social Change for Women<\/strong><\/p>\n<p style=\"color: #333233\">\u2022 The socially responsive design for a library catalogue and thesaurus in a non-profit community organization<\/p>\n<p style=\"color: #333233\">LANA SOGLASNOVA and MARY HANSON (University of Toronto, Toronto, Canada)<\/p>\n<p style=\"color: #333233\">\u2022 ESMT Information Center- School and Services for Sustainable Business<\/p>\n<p style=\"color: #333233\">KAREN LA MACCHIA (European School of Management and Technology, Berlin, Germany)<\/p>\n<p style=\"color: #333233\">\u2022 Information Literacy + Service Learning= Social Change<\/p>\n<p style=\"color: #333233\">TIFFINI TRAVIS and JENNIFER GRADIS (California State University, Long Beach, CA, United States)<\/p>\n<p style=\"color: #333233\">\u2022 Librarians contribution to social change though information provision: the experience of Makerere University library<\/p>\n<p style=\"color: #333233\">. MARIA MUSOKE and LYDIA NAMUGERA (University of Makerere, Kampala, Uganda)<\/p>\n<p style=\"color: #0b5bd3\"><span style=\"color: #333233\">\u2022 <\/span><a href=\"http:\/\/library.ifla.org\/975\/\">LandWise: A Women &amp; Land Library<\/a><\/p>\n<p style=\"color: #333233\"><span style=\"color: #2a5e8e\">. <\/span>JENNIFER CHANG (Anneal, Inc. on behalf of Landesa, Seattle, WA, United States)<\/p>\n<p style=\"color: #0b5bd3\"><span style=\"color: #333233\">\u2022 <\/span><a href=\"http:\/\/library.ifla.org\/980\/\">Targeting Disadvantaged Women \u2013 Advancing Women\u2019s Empowerment through Library Entrepreneurship Workshops<\/a><\/p>\n<p style=\"color: #333233\">GIANINA ANGELA CELINE CABANILLA (School of Library and Information Studies, University of the Philippines<\/p>\n<p style=\"color: #333233\">Diliman, Quezon City, Philippines)<\/p>\n<p style=\"color: #0b5bd3\"><span style=\"color: #333233\">\u2022 <\/span><a href=\"http:\/\/library.ifla.org\/976\/\">The librarian as agent of change in contexts of social vulnerability: an experience with young women in Uruguay<\/a><\/p>\n<p style=\"color: #333233\">. MARTHA SABELLI and PAULINA SZAFRAN (Departamento de Informaci\u00f3n y Sociedad. Instituto de Informaci\u00f3n.<\/p>\n<p style=\"color: #333233\">Facultad de Informaci\u00f3n y Comunicaci\u00f3n. Universidad de la Rep\u00fablica, Montevideo, Uruguay)<\/p>\n<p style=\"color: #0b5bd3\"><span style=\"color: #000000\">\u2022 <\/span><a href=\"http:\/\/library.ifla.org\/974\/\">Memory: Feminine Noun<\/a><\/p>\n<p style=\"color: #333233\">. SIMONETTA PASQUALIS DELL &amp; APOS; ANTONIO (Universit\u00e0 degli Studi di Trieste Trieste, Italy) and MARINA<\/p>\n<p style=\"color: #333233\">ROMI (Consiglio Regionale del Friuli Venezia Giulia\/Casa Internazionale delle Donne, Trieste, Italy)<\/p>\n<p><strong>Session 217:<\/strong> Thu. 21 August 2014. 11.30-13.00 |Room Salle T\u00eate d\u2019Or 2<\/p>\n<p>Religious Libraries in Dialogue Special Interest Group Business Meeting<\/p>\n<p><strong>Session 96 &#8211; Poster Session:<\/strong> Mon. 18 August 2014. 12.00-14.00 | Exhibition Hall<\/p>\n<p><strong>Session 132 \u2013 Poster Session:<\/strong> Tues. 19 August 2014. 12.00-14.00 | Exhibition Hall<\/p>\n<p style=\"color: #103ffb\"><a href=\"http:\/\/conference.ifla.org\/ifla80\/poster-sessions\">Complete List of Poster Presentations<\/a><\/p>\n<p><strong>Presentations by Social Science Libraries Section Standing Committee Members:<\/strong><\/p>\n<p>KAYO DENDA. \u201cDocumenting the Past and Engaging Young Women with Digital Humanities: Library as a confluence for<\/p>\n<p>intergenerational Women at Rutgers.\u201d\u00a0Poster Presentation.<\/p>\n<p style=\"color: #0727a8\"><span style=\"color: #000000\">KINGO JOTHAM MCHOMBU AND CHIKU MNUBI-MCHOMBU. <a href=\"http:\/\/library.ifla.org\/996\/\">\u201c<\/a><\/span><a href=\"http:\/\/library.ifla.org\/996\/\">The role of Information and Knowledge in Poverty\u00a0Eradication in Africa: the Case Study Namibia<span style=\"color: #000000\">.\u201d<\/span><\/a><\/p>\n<p style=\"color: #0727a8\">\n<p style=\"color: #333233\"><strong>Session 189:<\/strong> 20 August 2014. 13.45-15.45 | Room: Amphith\u00e9\u00e2tre<\/p>\n<p style=\"color: #333233\">Access to Information Network &#8211; Africa (ATINA) Special Interest Group<\/p>\n<p style=\"color: #333233\">Effective Access to Information as Key to Sustainable Poverty Reduction and Thriving in Africa<\/p>\n<p><strong>Satellite Meeting in Paris, August 25-26, 2014<\/strong><\/p>\n<p style=\"color: #515151\"><span style=\"color: #000000\">Sponsored by the <\/span>Religious Libraries in Dialogue Special Interest Group:<\/p>\n<p style=\"color: #0727a8\"><a href=\"http:\/\/www.icp.fr\/en\/Faculties-Schools\/THEOLOGICUM-Faculty-of-Theology-and-Religious-Studies\/News\/Libraries-at-the-Heart-of-the-Dialogue-of-Cultures-and-Religions\"><strong>Libraries at the Heart of the Dialogue of Cultures and Religions \u00a0<\/strong><\/a><\/p>\n<p style=\"color: #0727a8\"><a href=\"http:\/\/blogs.ifla.org\/social-science\/files\/2014\/08\/Screen-shot-2014-08-13-at-1.17.05-PM.png\"><img loading=\"lazy\" decoding=\"async\" class=\"alignnone size-medium wp-image-224\" src=\"http:\/\/blogs.ifla.org\/social-science\/files\/2014\/08\/Screen-shot-2014-08-13-at-1.17.05-PM-205x300.png\" alt=\"Screen shot 2014-08-13 at 1.17.05 PM\" width=\"205\" height=\"300\" srcset=\"https:\/\/blogs.ifla.org\/social-science\/files\/2014\/08\/Screen-shot-2014-08-13-at-1.17.05-PM-205x300.png 205w, https:\/\/blogs.ifla.org\/social-science\/files\/2014\/08\/Screen-shot-2014-08-13-at-1.17.05-PM.png 424w\" sizes=\"auto, (max-width: 205px) 100vw, 205px\" \/><\/a><\/p>\n","protected":false},"excerpt":{"rendered":"<p>\u00a0Social Science Libraries Section: Meetings and Programs of Interest: \u00a0Session 10: Sat. 16 August 2014. 9 .45-12.15 | Room Foyer Gratte-Ciel Parc First Social Science Libraries Standing Committee Meeting Session 103: Mon. 18 August 2014. 13 .45-15.45 | Room Salle Gratte-Ciel 1-3 Religious Libraries in Dialogue Special Interest Group Meeting Session 129: Tues. 19 August [&hellip;]<\/p>\n","protected":false},"author":25,"featured_media":0,"comment_status":"open","ping_status":"closed","sticky":false,"template":"","format":"standard","meta":{"footnotes":""},"categories":[1],"tags":[],"class_list":["post-222","post","type-post","status-publish","format-standard","hentry","category-general"],"_links":{"self":[{"href":"https:\/\/blogs.ifla.org\/social-science\/wp-json\/wp\/v2\/posts\/222","targetHints":{"allow":["GET"]}}],"collection":[{"href":"https:\/\/blogs.ifla.org\/social-science\/wp-json\/wp\/v2\/posts"}],"about":[{"href":"https:\/\/blogs.ifla.org\/social-science\/wp-json\/wp\/v2\/types\/post"}],"author":[{"embeddable":true,"href":"https:\/\/blogs.ifla.org\/social-science\/wp-json\/wp\/v2\/users\/25"}],"replies":[{"embeddable":true,"href":"https:\/\/blogs.ifla.org\/social-science\/wp-json\/wp\/v2\/comments?post=222"}],"version-history":[{"count":3,"href":"https:\/\/blogs.ifla.org\/social-science\/wp-json\/wp\/v2\/posts\/222\/revisions"}],"predecessor-version":[{"id":227,"href":"https:\/\/blogs.ifla.org\/social-science\/wp-json\/wp\/v2\/posts\/222\/revisions\/227"}],"wp:attachment":[{"href":"https:\/\/blogs.ifla.org\/social-science\/wp-json\/wp\/v2\/media?parent=222"}],"wp:term":[{"taxonomy":"category","embeddable":true,"href":"https:\/\/blogs.ifla.org\/social-science\/wp-json\/wp\/v2\/categories?post=222"},{"taxonomy":"post_tag","embeddable":true,"href":"https:\/\/blogs.ifla.org\/social-science\/wp-json\/wp\/v2\/tags?post=222"}],"curies":[{"name":"wp","href":"https:\/\/api.w.org\/{rel}","templated":true}]}}