{"id":285,"date":"2016-03-16T16:01:45","date_gmt":"2016-03-16T15:01:45","guid":{"rendered":"http:\/\/blogs.ifla.org\/social-science\/?p=285"},"modified":"2016-03-16T16:01:45","modified_gmt":"2016-03-16T15:01:45","slug":"xiv-congreso-internacional-de-informacion-palacio-de-convenciones-de-la-habana-cuba31-de-octubre-al-4-de-noviembre-del-2016","status":"publish","type":"post","link":"https:\/\/blogs.ifla.org\/social-science\/2016\/03\/16\/xiv-congreso-internacional-de-informacion-palacio-de-convenciones-de-la-habana-cuba31-de-octubre-al-4-de-noviembre-del-2016\/","title":{"rendered":"XIV CONGRESO INTERNACIONAL DE INFORMACI\u00d3N Palacio de Convenciones de La Habana, Cuba31 de octubre al 4 de noviembre del 2016"},"content":{"rendered":"<p>Alcance:<br \/>\nEl debate de las nuevas herramientas de gesti\u00f3n utilizadas por las<br \/>\norganizaciones de informaci\u00f3n (centro de informaci\u00f3n, documentaci\u00f3n,<br \/>\narchivos, museos, bibliotecas) para asegurar su desempe\u00f1o  eficaz y<br \/>\neficiente;  as\u00ed como analizar  v\u00edas que  contribuyan a convertir cada vez<br \/>\nm\u00e1s la informaci\u00f3n en un recurso  indispensable para que estas<br \/>\norganizaciones evolucionen y se integren a las sociedades en la que existen.<\/p>\n<p>T\u00f3picos:<br \/>\n*        Gesti\u00f3n documental en las organizaciones de informaci\u00f3n<br \/>\n*        Servicios de informaci\u00f3n, acceso y ciudadan\u00eda<br \/>\n*        Organizaci\u00f3n y representaci\u00f3n de la informaci\u00f3n<br \/>\n*        Experiencias y avances de los modelos Centros de Recursos para el<br \/>\nAprendizaje y la Investigaci\u00f3n (CRAI)<br \/>\n*        Sistemas de gesti\u00f3n bibliotecaria<br \/>\n*        Sistemas de gesti\u00f3n de la calidad y de innovaci\u00f3n en las<br \/>\norganizaciones de informaci\u00f3n<br \/>\n*        Gesti\u00f3n de los procesos informacionales en las organizaciones de<br \/>\ninformaci\u00f3n<br \/>\n*        Apropiaci\u00f3n de las TIC\u00b4s en las organizaciones  de informaci\u00f3n<br \/>\n*        Herramientas para el procesamiento de la informaci\u00f3n digital<br \/>\n*        Gesti\u00f3n de estad\u00edsticas<br \/>\n*        Indicadores para la evaluaci\u00f3n de la gesti\u00f3n y los servicios en<br \/>\norganizaciones de informaci\u00f3n<br \/>\n*        Legislaci\u00f3n de las organizaciones de informaci\u00f3n<\/p>\n<p>Comit\u00e9 cient\u00edfico<br \/>\nMar\u00eda Luisa Sen\u00e9, Instituto de Informaci\u00f3n Cient\u00edfica y Tecnol\u00f3gica, Cuba<br \/>\nMar\u00eda Elena Dorta Duque, Instituto Superior de Relaciones Internacionales,<br \/>\nCuba<br \/>\nGuadalupe Vente\u00f1o, Universidad Nacional Aut\u00f3noma de M\u00e9xico, M\u00e9xico<br \/>\nGuillermo Gonz\u00e1lez Junco, Instituto de Informaci\u00f3n Cient\u00edfica y Tecnol\u00f3gica,<br \/>\nCuba<br \/>\nLuis Bermello, Ministerio de Educaci\u00f3n Superior, Cuba<br \/>\nAna Margarita P\u00e9rez, Ministerio del Interior, Cuba<br \/>\nSaray C\u00f3rdoba, Universidad de Costa Rica, Costa Rica<\/p>\n<p>Fechas importantes<br \/>\n30 de junio de 2016: \u00daltimo d\u00eda para el env\u00edo de los trabajos completos y de<br \/>\nla hoja curricular (no m\u00e1s de 200 palabras). Las normas para la presentaci\u00f3n<br \/>\nde los trabajos est\u00e1n disponibles en el sitio web del Congreso:<br \/>\nhttp:\/\/www.congreso-info.cu<br \/>\nHasta el 30 de septiembre de 2016: Publicaci\u00f3n de resultados de la<br \/>\nevaluaci\u00f3n acad\u00e9mica<br \/>\n14 de octubre: Publicaci\u00f3n definitiva del programa acad\u00e9mico<\/p>\n<p>Para mayor informaci\u00f3n sobre la cuota de inscripci\u00f3n, forma de pago y<br \/>\nhospedaje  consulte la p\u00e1gina oficial del evento:<br \/>\nhttp:\/\/www.congreso-info.cu<\/p>\n","protected":false},"excerpt":{"rendered":"<p>Alcance: El debate de las nuevas herramientas de gesti\u00f3n utilizadas por las organizaciones de informaci\u00f3n (centro de informaci\u00f3n, documentaci\u00f3n, archivos, museos, bibliotecas) para asegurar su desempe\u00f1o eficaz y eficiente; as\u00ed como analizar v\u00edas que contribuyan a convertir cada vez m\u00e1s la informaci\u00f3n en un recurso indispensable para que estas organizaciones evolucionen y se integren a [&hellip;]<\/p>\n","protected":false},"author":25,"featured_media":0,"comment_status":"open","ping_status":"closed","sticky":false,"template":"","format":"standard","meta":{"footnotes":""},"categories":[1],"tags":[],"class_list":["post-285","post","type-post","status-publish","format-standard","hentry","category-general"],"_links":{"self":[{"href":"https:\/\/blogs.ifla.org\/social-science\/wp-json\/wp\/v2\/posts\/285","targetHints":{"allow":["GET"]}}],"collection":[{"href":"https:\/\/blogs.ifla.org\/social-science\/wp-json\/wp\/v2\/posts"}],"about":[{"href":"https:\/\/blogs.ifla.org\/social-science\/wp-json\/wp\/v2\/types\/post"}],"author":[{"embeddable":true,"href":"https:\/\/blogs.ifla.org\/social-science\/wp-json\/wp\/v2\/users\/25"}],"replies":[{"embeddable":true,"href":"https:\/\/blogs.ifla.org\/social-science\/wp-json\/wp\/v2\/comments?post=285"}],"version-history":[{"count":1,"href":"https:\/\/blogs.ifla.org\/social-science\/wp-json\/wp\/v2\/posts\/285\/revisions"}],"predecessor-version":[{"id":286,"href":"https:\/\/blogs.ifla.org\/social-science\/wp-json\/wp\/v2\/posts\/285\/revisions\/286"}],"wp:attachment":[{"href":"https:\/\/blogs.ifla.org\/social-science\/wp-json\/wp\/v2\/media?parent=285"}],"wp:term":[{"taxonomy":"category","embeddable":true,"href":"https:\/\/blogs.ifla.org\/social-science\/wp-json\/wp\/v2\/categories?post=285"},{"taxonomy":"post_tag","embeddable":true,"href":"https:\/\/blogs.ifla.org\/social-science\/wp-json\/wp\/v2\/tags?post=285"}],"curies":[{"name":"wp","href":"https:\/\/api.w.org\/{rel}","templated":true}]}}