{"id":70,"date":"2012-08-09T02:57:23","date_gmt":"2012-08-09T01:57:23","guid":{"rendered":"http:\/\/blogs.ifla.org\/social-science\/?p=70"},"modified":"2012-08-09T03:04:46","modified_gmt":"2012-08-09T02:04:46","slug":"relindial-sig-ifla-social-science-libraries-sponsor-la-section-des-bibliotheques-en-sciences-sociales-est-le-commanditaire-du-groupe-dinteret-special-nouvelle-sig","status":"publish","type":"post","link":"https:\/\/blogs.ifla.org\/social-science\/2012\/08\/09\/relindial-sig-ifla-social-science-libraries-sponsor-la-section-des-bibliotheques-en-sciences-sociales-est-le-commanditaire-du-groupe-dinteret-special-nouvelle-sig\/","title":{"rendered":"RELINDIAL SIG IFLA Social Science Libraries Sponsor (La Section des Biblioth\u00e8ques en Sciences Sociales est le Commanditaire du Groupe d&#8217;int\u00e9r\u00eat Sp\u00e9cial Nouvelle (SIG)"},"content":{"rendered":"<p>RELINDIAL<br \/>\nLa Section des Biblioth\u00e8ques en Sciences Sociales est le Commanditaire du Groupe d&#8217;int\u00e9r\u00eat Sp\u00e9cial Nouvelle (SIG)<br \/>\nBiblioth\u00e9caires curieux des cultures du monde, venez vous joindre \u00e0 notre premi\u00e8re r\u00e9union, le lundi 13 ao\u00fbt 2012, \u00ab Session room 6 \u00bb, de 16h \u00e0 18h.<br \/>\nRELINDIAL (Biblioth\u00e8ques Religieuse dans le Dialogue)<br \/>\nLe professionnel de l&#8217;IFLA Comit\u00e9 a approuv\u00e9 le nouveau SIG en Avril 2012 comme un v\u00e9hicule pour promouvoir le dialogue entre les cultures.<br \/>\nLes activit\u00e9s propos\u00e9es sont les suivantes:<br \/>\n&#8211; R\u00e9pertorier le patrimoine religieux accessible en ligne<br \/>\n&#8211; R\u00e9pertorier les ressources num\u00e9riques au service des pens\u00e9es religieuses<br \/>\n&#8211; Initier une coop\u00e9ration internationale pour un partage des exp\u00e9riences<br \/>\n&#8211; Travailler sur les langages d\u2019indexation pour que les \u00e9volutions du Web puissent prendre en compte la complexit\u00e9 des probl\u00e9matiques religieuses<br \/>\n&#8211; Coop\u00e9rer avec le groupe des \u00ab Sisters libraries \u00bb, de la section IFLA des biblioth\u00e8ques pour enfants et jeunes adultes, pour un partage d\u2019exp\u00e9rience qui fasse tomber des barri\u00e8res d\u00e8s le plus jeune \u00e2ge<br \/>\nDeux conf\u00e9rences seront \u00e9galement propos\u00e9s au cours de cette premi\u00e8re r\u00e9union:<br \/>\n\u2022 L\u2019IDEO au service du dialogue interculturel islamo-chr\u00e9tien [gr\u00e2ce au FRBR]<br \/>\nFr\u00e8re REN\u00c9-VINCENT DU GRANDLAUNAY o.p. (Institut Dominicain d&#8217;\u00e9tudes orientales, Le Caire, Egypte)<br \/>\n\u2022 GlobeTheoLib: Ressources th\u00e9ologiques en ligne pour la formation et le dialogue oecum\u00e9nique [une plateforme gratuite]<br \/>\nAM\u00c9LIE VALLOTTON (Globethics, Geneva, Switzerland)<\/p>\n<p>Odile Dupont<br \/>\nResponsable du SIG &#8211; IFLA RELINDIAL<br \/>\nCharg\u00e9e de mission pour la promotion et les r\u00e9seaux de biblioth\u00e8ques<br \/>\nPr\u00e9sidente de l\u2019Association des biblioth\u00e8ques europ\u00e9ennes de th\u00e9ologie BETH<br \/>\nInstitut catholique de Paris<br \/>\n21 rue d&#8217;Assas<br \/>\n75270 Paris cedex 06<br \/>\nTel : 33(0)1 70 64 14 27<br \/>\nFax : 33(0)1 44 39 52 98<br \/>\no.dupont@icp.fr<\/p>\n","protected":false},"excerpt":{"rendered":"<p>RELINDIAL La Section des Biblioth\u00e8ques en Sciences Sociales est le Commanditaire du Groupe d&#8217;int\u00e9r\u00eat Sp\u00e9cial Nouvelle (SIG) Biblioth\u00e9caires curieux des cultures du monde, venez vous joindre \u00e0 notre premi\u00e8re r\u00e9union, le lundi 13 ao\u00fbt 2012, \u00ab Session room 6 \u00bb, de 16h \u00e0 18h. RELINDIAL (Biblioth\u00e8ques Religieuse dans le Dialogue) Le professionnel de l&#8217;IFLA Comit\u00e9 [&hellip;]<\/p>\n","protected":false},"author":25,"featured_media":0,"comment_status":"open","ping_status":"closed","sticky":false,"template":"","format":"standard","meta":{"footnotes":""},"categories":[1],"tags":[4008,4009,4007],"class_list":["post-70","post","type-post","status-publish","format-standard","hentry","category-general","tag-helsinki-finland-2012","tag-helsinski-finland-2012","tag-social-science-libraries"],"_links":{"self":[{"href":"https:\/\/blogs.ifla.org\/social-science\/wp-json\/wp\/v2\/posts\/70","targetHints":{"allow":["GET"]}}],"collection":[{"href":"https:\/\/blogs.ifla.org\/social-science\/wp-json\/wp\/v2\/posts"}],"about":[{"href":"https:\/\/blogs.ifla.org\/social-science\/wp-json\/wp\/v2\/types\/post"}],"author":[{"embeddable":true,"href":"https:\/\/blogs.ifla.org\/social-science\/wp-json\/wp\/v2\/users\/25"}],"replies":[{"embeddable":true,"href":"https:\/\/blogs.ifla.org\/social-science\/wp-json\/wp\/v2\/comments?post=70"}],"version-history":[{"count":2,"href":"https:\/\/blogs.ifla.org\/social-science\/wp-json\/wp\/v2\/posts\/70\/revisions"}],"predecessor-version":[{"id":77,"href":"https:\/\/blogs.ifla.org\/social-science\/wp-json\/wp\/v2\/posts\/70\/revisions\/77"}],"wp:attachment":[{"href":"https:\/\/blogs.ifla.org\/social-science\/wp-json\/wp\/v2\/media?parent=70"}],"wp:term":[{"taxonomy":"category","embeddable":true,"href":"https:\/\/blogs.ifla.org\/social-science\/wp-json\/wp\/v2\/categories?post=70"},{"taxonomy":"post_tag","embeddable":true,"href":"https:\/\/blogs.ifla.org\/social-science\/wp-json\/wp\/v2\/tags?post=70"}],"curies":[{"name":"wp","href":"https:\/\/api.w.org\/{rel}","templated":true}]}}