{"id":72,"date":"2012-08-09T02:59:12","date_gmt":"2012-08-09T01:59:12","guid":{"rendered":"http:\/\/blogs.ifla.org\/social-science\/?p=72"},"modified":"2012-08-09T03:07:12","modified_gmt":"2012-08-09T02:07:12","slug":"la-section-des-bibliotheques-en-sciences-sociales-est-le-commanditaire-du-groupe-dinteret-special-nouvelle-sig-relindial","status":"publish","type":"post","link":"https:\/\/blogs.ifla.org\/social-science\/2012\/08\/09\/la-section-des-bibliotheques-en-sciences-sociales-est-le-commanditaire-du-groupe-dinteret-special-nouvelle-sig-relindial\/","title":{"rendered":"La Section des Biblioth\u00e8ques en Sciences Sociales est le Commanditaire du Groupe d&#8217;int\u00e9r\u00eat Sp\u00e9cial Nouvelle (SIG) RELINDIAL"},"content":{"rendered":"<p>RELINDIAL<br \/>\nThe Social Science Libraries Section is the Sponsor of the New Special Interest Group (SIG)<br \/>\nLibrarians interested in world cultures, come join our first meeting, Monday 13 August 2012, Session Room 6, from 4:00 PM to 6:00 PM<br \/>\nRELINDIAL (Religious Libraries in Dialogue)<br \/>\nThe IFLA Professional Committee approved the new SIG in April 2012 as a vehicle to promote dialogue between cultures.<br \/>\nThe proposed activities are:<br \/>\n&#8211; Identify religious heritage in the form of library collections available online<br \/>\n&#8211; List digital resources in the service of religious thoughts<br \/>\n&#8211; Initiate an international cooperation for sharing experiences<br \/>\n&#8211; Working on indexing languages for the evolution of the WEB can take into account the complexities of religious issues<br \/>\n&#8211; Cooperate with the IFLA Children and Young Adults Section for a shared experience that removes barriers and builds religious tolerance at an early age<br \/>\nTwo lectures will also be offered during this First Meeting:<br \/>\n\u2022 IDEO serving intercultural Islam-Christian dialogue [thanks to FRBR]<br \/>\nBrother REN\u00c9-VINCENT DU GRANDLAUNAY o.p. (Dominicans Institute of Oriental Studies, Cairo, Egypt)<br \/>\n\u2022 GlobeTheoLib: online theological resources for education and ecumenical dialogue [a free platform]<br \/>\nAM\u00c9LIE VALLOTTON (Globethics, Geneva, Switzerland)<\/p>\n<p>Submitted by<br \/>\nOdile Dupont<br \/>\nConvener IFLA Social Science Libraries SIG RELINDIAL<br \/>\no.dupont@icp.fr<br \/>\nCatholic University of Paris<br \/>\nExecutive manager for the promotion and the libraries network<br \/>\nChair of the European Theological Library Association<\/p>\n","protected":false},"excerpt":{"rendered":"<p>RELINDIAL The Social Science Libraries Section is the Sponsor of the New Special Interest Group (SIG) Librarians interested in world cultures, come join our first meeting, Monday 13 August 2012, Session Room 6, from 4:00 PM to 6:00 PM RELINDIAL (Religious Libraries in Dialogue) The IFLA Professional Committee approved the new SIG in April 2012 [&hellip;]<\/p>\n","protected":false},"author":25,"featured_media":0,"comment_status":"open","ping_status":"open","sticky":false,"template":"","format":"standard","meta":{"footnotes":""},"categories":[1],"tags":[4007],"class_list":["post-72","post","type-post","status-publish","format-standard","hentry","category-general","tag-social-science-libraries"],"_links":{"self":[{"href":"https:\/\/blogs.ifla.org\/social-science\/wp-json\/wp\/v2\/posts\/72","targetHints":{"allow":["GET"]}}],"collection":[{"href":"https:\/\/blogs.ifla.org\/social-science\/wp-json\/wp\/v2\/posts"}],"about":[{"href":"https:\/\/blogs.ifla.org\/social-science\/wp-json\/wp\/v2\/types\/post"}],"author":[{"embeddable":true,"href":"https:\/\/blogs.ifla.org\/social-science\/wp-json\/wp\/v2\/users\/25"}],"replies":[{"embeddable":true,"href":"https:\/\/blogs.ifla.org\/social-science\/wp-json\/wp\/v2\/comments?post=72"}],"version-history":[{"count":4,"href":"https:\/\/blogs.ifla.org\/social-science\/wp-json\/wp\/v2\/posts\/72\/revisions"}],"predecessor-version":[{"id":80,"href":"https:\/\/blogs.ifla.org\/social-science\/wp-json\/wp\/v2\/posts\/72\/revisions\/80"}],"wp:attachment":[{"href":"https:\/\/blogs.ifla.org\/social-science\/wp-json\/wp\/v2\/media?parent=72"}],"wp:term":[{"taxonomy":"category","embeddable":true,"href":"https:\/\/blogs.ifla.org\/social-science\/wp-json\/wp\/v2\/categories?post=72"},{"taxonomy":"post_tag","embeddable":true,"href":"https:\/\/blogs.ifla.org\/social-science\/wp-json\/wp\/v2\/tags?post=72"}],"curies":[{"name":"wp","href":"https:\/\/api.w.org\/{rel}","templated":true}]}}